{"id":14452,"date":"2026-04-30T17:42:20","date_gmt":"2026-04-30T17:42:20","guid":{"rendered":"https:\/\/boneshafm.bi\/?p=14452"},"modified":"2026-05-01T08:12:51","modified_gmt":"2026-05-01T08:12:51","slug":"burundi-les-ecrivains-plaident-pour-le-respect-et-la-protection-du-livre","status":"publish","type":"post","link":"https:\/\/boneshafm.bi\/?p=14452","title":{"rendered":"Burundi : les \u00e9crivains plaident pour le respect et la protection du livre"},"content":{"rendered":"<p><strong>\u00c0 l\u2019occasion de la Journ\u00e9e mondiale du livre, c\u00e9l\u00e9br\u00e9e le 29 avril \u00e0 Bujumbura, des \u00e9crivains burundais appellent \u00e0 une mobilisation collective pour redonner au livre sa valeur et renforcer sa protection<\/strong>.<\/p>\n<p><img loading=\"lazy\" decoding=\"async\" class=\"alignnone size-medium wp-image-14453\" src=\"https:\/\/boneshafm.bi\/wp-content\/uploads\/2026\/04\/WhatsApp-Image-2026-04-30-at-15.19.12-300x200.jpeg\" alt=\"\" width=\"300\" height=\"200\" srcset=\"https:\/\/boneshafm.bi\/wp-content\/uploads\/2026\/04\/WhatsApp-Image-2026-04-30-at-15.19.12-300x200.jpeg 300w, https:\/\/boneshafm.bi\/wp-content\/uploads\/2026\/04\/WhatsApp-Image-2026-04-30-at-15.19.12-1024x684.jpeg 1024w, https:\/\/boneshafm.bi\/wp-content\/uploads\/2026\/04\/WhatsApp-Image-2026-04-30-at-15.19.12-768x513.jpeg 768w, https:\/\/boneshafm.bi\/wp-content\/uploads\/2026\/04\/WhatsApp-Image-2026-04-30-at-15.19.12.jpeg 1080w\" sizes=\"auto, (max-width: 300px) 100vw, 300px\" \/><\/p>\n<p>Selon Jeanne d\u2019Arc Nduwayo, la responsabilit\u00e9 incombe en premier lieu aux auteurs eux-m\u00eames<em>.<\/em><em> \u00ab<\/em><em> En tant qu\u2019artisans du livre, nous devons \u00eatre les premiers \u00e0 le faire aimer et respecter \u00bb,<\/em> a-t-elle d\u00e9clar\u00e9 en marge des activit\u00e9s organis\u00e9es par l\u2019ABEPL (association burundaise des \u00e9crivains et promoteurs du livre.<\/p>\n<p>Pour elle, le livre demeure un v\u00e9ritable grenier du savoir, indispensable au d\u00e9veloppement durable. Cependant, elle d\u00e9plore une baisse de consid\u00e9ration \u00e0 son \u00e9gard.<\/p>\n<p>Pour elle, certains ouvrages sont aujourd\u2019hui n\u00e9glig\u00e9s, voire d\u00e9tourn\u00e9s de leur usage, notamment utilis\u00e9s comme emballages, une pratique qu\u2019elle qualifie de pr\u00e9occupante.<\/p>\n<p><em>\u00ab Si nous continuons \u00e0 \u00eatre des Inkandagirabitabu, c\u2019est-\u00e0-dire ces personnes qui n\u2019accordent pas de valeur au livre, nous ne pourrons pas progresser<\/em> \u00bb, a-t-elle averti, appelant \u00e0 une mobilisation g\u00e9n\u00e9rale. Elle exhorte aussi bien les intellectuels que l\u2019ensemble de la population \u00e0 promouvoir une culture du respect du livre et de ses auteurs.<\/p>\n<p>Dans cette dynamique, elle interpelle \u00e9galement les pouvoirs publics. Elle demande le renforcement du cadre l\u00e9gal pour assurer la protection des ouvrages, notamment \u00e0 travers des mesures interdisant l\u2019utilisation des pages de livres \u00e0 des fins d\u2019emballage et garantissant la pr\u00e9servation du patrimoine intellectuel.<\/p>\n<p>Du c\u00f4t\u00e9 des autorit\u00e9s, Aline Munyaneza, directrice g\u00e9n\u00e9rale de la culture au sein du minist\u00e8re de la jeunesse, des sports et de la culture, salue le r\u00f4le des \u00e9crivains dans l\u2019\u00e9veil des consciences. Elle souligne leur contribution face aux d\u00e9fis environnementaux, appelant les acteurs sociaux \u00e0 soutenir davantage les initiatives litt\u00e9raires, en particulier celles li\u00e9es \u00e0 la protection de l\u2019environnement dans un contexte de d\u00e9gradation croissante des ressources naturelles<strong>.<\/strong><\/p>\n","protected":false},"excerpt":{"rendered":"<p>\u00c0 l\u2019occasion de la Journ\u00e9e mondiale du livre, c\u00e9l\u00e9br\u00e9e le 29 avril \u00e0 Bujumbura, des \u00e9crivains burundais appellent \u00e0 une mobilisation collective pour redonner au livre sa valeur et renforcer sa protection. Selon Jeanne d\u2019Arc Nduwayo, la responsabilit\u00e9 incombe en premier lieu aux auteurs eux-m\u00eames. \u00ab En tant qu\u2019artisans du livre, nous devons \u00eatre les [&hellip;]<\/p>\n","protected":false},"author":5765,"featured_media":0,"comment_status":"open","ping_status":"open","sticky":false,"template":"","format":"standard","meta":{"footnotes":""},"categories":[4349],"tags":[],"class_list":["post-14452","post","type-post","status-publish","format-standard","hentry","category-communication"],"_links":{"self":[{"href":"https:\/\/boneshafm.bi\/index.php?rest_route=\/wp\/v2\/posts\/14452","targetHints":{"allow":["GET"]}}],"collection":[{"href":"https:\/\/boneshafm.bi\/index.php?rest_route=\/wp\/v2\/posts"}],"about":[{"href":"https:\/\/boneshafm.bi\/index.php?rest_route=\/wp\/v2\/types\/post"}],"author":[{"embeddable":true,"href":"https:\/\/boneshafm.bi\/index.php?rest_route=\/wp\/v2\/users\/5765"}],"replies":[{"embeddable":true,"href":"https:\/\/boneshafm.bi\/index.php?rest_route=%2Fwp%2Fv2%2Fcomments&post=14452"}],"version-history":[{"count":2,"href":"https:\/\/boneshafm.bi\/index.php?rest_route=\/wp\/v2\/posts\/14452\/revisions"}],"predecessor-version":[{"id":14456,"href":"https:\/\/boneshafm.bi\/index.php?rest_route=\/wp\/v2\/posts\/14452\/revisions\/14456"}],"wp:attachment":[{"href":"https:\/\/boneshafm.bi\/index.php?rest_route=%2Fwp%2Fv2%2Fmedia&parent=14452"}],"wp:term":[{"taxonomy":"category","embeddable":true,"href":"https:\/\/boneshafm.bi\/index.php?rest_route=%2Fwp%2Fv2%2Fcategories&post=14452"},{"taxonomy":"post_tag","embeddable":true,"href":"https:\/\/boneshafm.bi\/index.php?rest_route=%2Fwp%2Fv2%2Ftags&post=14452"}],"curies":[{"name":"wp","href":"https:\/\/api.w.org\/{rel}","templated":true}]}}