{"id":13863,"date":"2024-06-11T13:42:38","date_gmt":"2024-06-11T13:42:38","guid":{"rendered":"https:\/\/boneshafm.bi\/?p=13863"},"modified":"2024-06-11T13:42:38","modified_gmt":"2024-06-11T13:42:38","slug":"processus-budgetaire-parcem-appelle-a-la-transparence-des-ministeres","status":"publish","type":"post","link":"https:\/\/boneshafm.bi\/?p=13863","title":{"rendered":"Processus budg\u00e9taire : Parcem appelle \u00e0 la transparence des minist\u00e8res"},"content":{"rendered":"<p>Faustin Ndikumana, directeur national de l\u2019ONG locale Paroles et Actions pour le r\u00e9veil des consciences et l\u2019\u00e9volution des mentalit\u00e9s (Parcem) trouve que les minist\u00e8res devraient publier sur leurs sites internet les diff\u00e9rents projets pour informer le public. Il a dit lors d&rsquo;une conf\u00e9rence de presse de ce jeudi 6 juin 2024.<\/p>\n<p><img loading=\"lazy\" decoding=\"async\" src=\"https:\/\/boneshafm.bi\/wp-content\/uploads\/2024\/06\/FAUSTIN-300x153.jpeg\" alt=\"\" width=\"300\" height=\"153\" class=\"alignnone size-medium wp-image-13864\" srcset=\"https:\/\/boneshafm.bi\/wp-content\/uploads\/2024\/06\/FAUSTIN-300x153.jpeg 300w, https:\/\/boneshafm.bi\/wp-content\/uploads\/2024\/06\/FAUSTIN.jpeg 314w\" sizes=\"auto, (max-width: 300px) 100vw, 300px\" \/><\/p>\n<p>Parcem consid\u00e8re que les ministres devraient aller au Parlement, et chacun pour d\u00e9fendre son projet annuel en vue de concr\u00e9tiser un programme pluriannuel de d\u00e9veloppement. En ce qui concerne la pratique des pr\u00e9visions trimestrielles de d\u00e9penses, il demande \u00e0 chaque minist\u00e8re qui dit qu\u2019il a une pr\u00e9vision trimestrielle de faire ses activit\u00e9s de la publier sur son site internet. \u00ab Comme \u00e7a, on va v\u00e9rifier quels sont les march\u00e9s publics qui seront cons\u00e9quents pour ex\u00e9cuter ton programme trimestriel. \u00bb Parcem observe que comme \u00e7a, il sera possible de savoir \u00e0 qui le march\u00e9 a \u00e9t\u00e9 accord\u00e9, s\u2019il est acceptable\u2026 pour emp\u00eacher certains hauts cadres de continuer leurs comportements vampiriques de sucer le pays \u00e0 la sueur du contribuable.<\/p>\n<p>Selon Faustin Ndikumana, directeur national de Parcem, le Burundi garde une note faible et d\u00e9risoire sur son processus et sa transparence budg\u00e9taire. \u00ab Sur 120 pays, le Burundi se classe soit 108e, soit 110e comme \u00e7a \u00bb, s\u2019est-il indign\u00e9. Et d\u2019enchainer : \u00ab Il y a des crit\u00e8res o\u00f9 le Burundi a 0 %, notamment l\u2019implication du public dans le processus budg\u00e9taire. \u00bb<br \/>\nAu niveau du contr\u00f4le, il  indique que la Cour des comptes existe, mais n&rsquo;a pas de moyens humains et mat\u00e9riels. Jusqu&rsquo;\u00e0 maintenant, a-t-il fait savoir, le r\u00f4le de jugement des comptes n&rsquo;est pas assur\u00e9 correctement par la Cour des comptes. \u00ab C&rsquo;est inimaginable \u00bb, pour cet activiste et \u00e9conomiste.<\/p>\n","protected":false},"excerpt":{"rendered":"<p>Faustin Ndikumana, directeur national de l\u2019ONG locale Paroles et Actions pour le r\u00e9veil des consciences et l\u2019\u00e9volution des mentalit\u00e9s (Parcem) trouve que les minist\u00e8res devraient publier sur leurs sites internet les diff\u00e9rents projets pour informer le public. Il a dit lors d&rsquo;une conf\u00e9rence de presse de ce jeudi 6 juin 2024. Parcem consid\u00e8re que les [&hellip;]<\/p>\n","protected":false},"author":5765,"featured_media":0,"comment_status":"open","ping_status":"open","sticky":false,"template":"","format":"standard","meta":{"footnotes":""},"categories":[4320],"tags":[],"class_list":["post-13863","post","type-post","status-publish","format-standard","hentry","category-economie"],"_links":{"self":[{"href":"https:\/\/boneshafm.bi\/index.php?rest_route=\/wp\/v2\/posts\/13863","targetHints":{"allow":["GET"]}}],"collection":[{"href":"https:\/\/boneshafm.bi\/index.php?rest_route=\/wp\/v2\/posts"}],"about":[{"href":"https:\/\/boneshafm.bi\/index.php?rest_route=\/wp\/v2\/types\/post"}],"author":[{"embeddable":true,"href":"https:\/\/boneshafm.bi\/index.php?rest_route=\/wp\/v2\/users\/5765"}],"replies":[{"embeddable":true,"href":"https:\/\/boneshafm.bi\/index.php?rest_route=%2Fwp%2Fv2%2Fcomments&post=13863"}],"version-history":[{"count":1,"href":"https:\/\/boneshafm.bi\/index.php?rest_route=\/wp\/v2\/posts\/13863\/revisions"}],"predecessor-version":[{"id":13865,"href":"https:\/\/boneshafm.bi\/index.php?rest_route=\/wp\/v2\/posts\/13863\/revisions\/13865"}],"wp:attachment":[{"href":"https:\/\/boneshafm.bi\/index.php?rest_route=%2Fwp%2Fv2%2Fmedia&parent=13863"}],"wp:term":[{"taxonomy":"category","embeddable":true,"href":"https:\/\/boneshafm.bi\/index.php?rest_route=%2Fwp%2Fv2%2Fcategories&post=13863"},{"taxonomy":"post_tag","embeddable":true,"href":"https:\/\/boneshafm.bi\/index.php?rest_route=%2Fwp%2Fv2%2Ftags&post=13863"}],"curies":[{"name":"wp","href":"https:\/\/api.w.org\/{rel}","templated":true}]}}