{"id":12991,"date":"2023-10-10T09:53:40","date_gmt":"2023-10-10T09:53:40","guid":{"rendered":"https:\/\/boneshafm.bi\/?p=12991"},"modified":"2023-10-10T09:53:40","modified_gmt":"2023-10-10T09:53:40","slug":"les-commercants-du-marche-bujumbura-city-market-en-greve","status":"publish","type":"post","link":"https:\/\/boneshafm.bi\/?p=12991","title":{"rendered":"Les commer\u00e7ants du march\u00e9 Bujumbura City Market en gr\u00e8ve"},"content":{"rendered":"<p><strong>Ils ont suspendu leurs activit\u00e9s suite \u00e0 la hausse \u00ab inconditionnelle \u00bb des prix des stands. Selon eux, les prix des places ont doubl\u00e9. Ils estiment qu\u2019ils ne sont pas capables de les payer et demandent\u00a0\u00a0 aux d\u00e9cideurs de suivre de pr\u00e8s leur question.<\/strong><\/p>\n<p><img loading=\"lazy\" decoding=\"async\" class=\"alignnone size-medium wp-image-12992\" src=\"https:\/\/boneshafm.bi\/wp-content\/uploads\/2023\/10\/siyoni-300x120.jpeg\" alt=\"\" width=\"300\" height=\"120\" srcset=\"https:\/\/boneshafm.bi\/wp-content\/uploads\/2023\/10\/siyoni-300x120.jpeg 300w, https:\/\/boneshafm.bi\/wp-content\/uploads\/2023\/10\/siyoni.jpeg 354w\" sizes=\"auto, (max-width: 300px) 100vw, 300px\" \/><\/p>\n<p>Au march\u00e9 Bujumbura City Market, commun\u00e9ment appel\u00e9 \u00ab Kwa Siyoni \u00bb, un bon nombre stands est ferm\u00e9 depuis ce matin du lundi 9 octobre 2023. Les commer\u00e7ants expliquent les prix de location des stands qui sont pass\u00e9s du simple au double sont la cause de cette suspension de leurs activit\u00e9s de commerce<em>. \u00ab Un stand qui \u00e9tait \u00e0 moins de 175 mille BIF est d\u00e9sormais \u00e0 plus de 350 mille BIF \u00bb,<\/em> se lamentent les commer\u00e7ants. D\u2019autres sont pass\u00e9s de 700 millions BIF.<\/p>\n<p>Les commer\u00e7ants d\u00e9plorent le fait qu\u2019ils n\u2019ont pas \u00e9t\u00e9 consult\u00e9s et soulignent que ces prix ne sont abordables.\u00a0 Ayant contribu\u00e9 dans la construction de ce march\u00e9 par apport de mat\u00e9riels, ils proposent des assises pour trouver ensemble des solutions avec leur bailleur. Sinon, il demande \u00e0 leur bailleur de les laisser partir avec leurs mat\u00e9riels de construction avant de trouver des stands abordables ailleurs. Pour eux, bien que \u00ab Kwa Siyoni\u00a0\u00bb soit un march\u00e9 priv\u00e9, le gouvernement devrait intervenir.<\/p>\n<p>Bonesha FM n\u2019a pas encore eu la r\u00e9action des responsables du March\u00e9 Bujumbura City Market.<\/p>\n","protected":false},"excerpt":{"rendered":"<p>Ils ont suspendu leurs activit\u00e9s suite \u00e0 la hausse \u00ab inconditionnelle \u00bb des prix des stands. Selon eux, les prix des places ont doubl\u00e9. Ils estiment qu\u2019ils ne sont pas capables de les payer et demandent\u00a0\u00a0 aux d\u00e9cideurs de suivre de pr\u00e8s leur question. Au march\u00e9 Bujumbura City Market, commun\u00e9ment appel\u00e9 \u00ab Kwa Siyoni \u00bb, [&hellip;]<\/p>\n","protected":false},"author":5765,"featured_media":0,"comment_status":"closed","ping_status":"closed","sticky":false,"template":"","format":"standard","meta":{"footnotes":""},"categories":[4320],"tags":[],"class_list":["post-12991","post","type-post","status-publish","format-standard","hentry","category-economie"],"_links":{"self":[{"href":"https:\/\/boneshafm.bi\/index.php?rest_route=\/wp\/v2\/posts\/12991","targetHints":{"allow":["GET"]}}],"collection":[{"href":"https:\/\/boneshafm.bi\/index.php?rest_route=\/wp\/v2\/posts"}],"about":[{"href":"https:\/\/boneshafm.bi\/index.php?rest_route=\/wp\/v2\/types\/post"}],"author":[{"embeddable":true,"href":"https:\/\/boneshafm.bi\/index.php?rest_route=\/wp\/v2\/users\/5765"}],"replies":[{"embeddable":true,"href":"https:\/\/boneshafm.bi\/index.php?rest_route=%2Fwp%2Fv2%2Fcomments&post=12991"}],"version-history":[{"count":1,"href":"https:\/\/boneshafm.bi\/index.php?rest_route=\/wp\/v2\/posts\/12991\/revisions"}],"predecessor-version":[{"id":12993,"href":"https:\/\/boneshafm.bi\/index.php?rest_route=\/wp\/v2\/posts\/12991\/revisions\/12993"}],"wp:attachment":[{"href":"https:\/\/boneshafm.bi\/index.php?rest_route=%2Fwp%2Fv2%2Fmedia&parent=12991"}],"wp:term":[{"taxonomy":"category","embeddable":true,"href":"https:\/\/boneshafm.bi\/index.php?rest_route=%2Fwp%2Fv2%2Fcategories&post=12991"},{"taxonomy":"post_tag","embeddable":true,"href":"https:\/\/boneshafm.bi\/index.php?rest_route=%2Fwp%2Fv2%2Ftags&post=12991"}],"curies":[{"name":"wp","href":"https:\/\/api.w.org\/{rel}","templated":true}]}}